{"id":1917,"date":"2020-06-19T15:30:00","date_gmt":"2020-06-19T22:30:00","guid":{"rendered":"https:\/\/dev-healing-hospice.pantheonsite.io\/?p=1917"},"modified":"2024-04-04T18:27:15","modified_gmt":"2024-04-05T01:27:15","slug":"fathers-day-2020","status":"publish","type":"post","link":"https:\/\/www.healingcarehospice.com\/es\/fathers-day-2020\/","title":{"rendered":"dia del padre 2020"},"content":{"rendered":"","protected":false},"excerpt":{"rendered":"<p>Este a\u00f1o, el D\u00eda del Padre es motivo de preocupaci\u00f3n entre muchos de nosotros. Una fiesta destinada a honrar a nuestros padres,...<\/p>","protected":false},"author":1,"featured_media":2120,"comment_status":"closed","ping_status":"closed","sticky":false,"template":"","format":"standard","meta":{"_acf_changed":false,"inline_featured_image":false,"footnotes":""},"categories":[14],"tags":[],"class_list":["post-1917","post","type-post","status-publish","format-standard","has-post-thumbnail","hentry","category-events-calendar"],"acf":[],"yoast_head":"<!-- This site is optimized with the Yoast SEO plugin v23.5 - https:\/\/yoast.com\/wordpress\/plugins\/seo\/ -->\n<title>Fathers Day 2020 - Healing Care Hospice &amp; Palliative<\/title>\n<meta name=\"description\" content=\"The holiday meant to honor our fathers and celebrate their contributions to our lives may cause us to feel emotional in the midst of the pandemic.\" \/>\n<meta name=\"robots\" content=\"index, follow, max-snippet:-1, max-image-preview:large, max-video-preview:-1\" \/>\n<link rel=\"canonical\" href=\"https:\/\/www.healingcarehospice.com\/es\/fathers-day-2020\/\" \/>\n<meta property=\"og:locale\" content=\"es_MX\" \/>\n<meta property=\"og:type\" content=\"article\" \/>\n<meta property=\"og:title\" content=\"Fathers Day 2020 - Healing Care Hospice &amp; Palliative\" \/>\n<meta property=\"og:description\" content=\"The holiday meant to honor our fathers and celebrate their contributions to our lives may cause us to feel emotional in the midst of the pandemic.\" \/>\n<meta property=\"og:url\" content=\"https:\/\/www.healingcarehospice.com\/es\/fathers-day-2020\/\" \/>\n<meta property=\"og:site_name\" content=\"Healing Care Hospice &amp; Palliative\" \/>\n<meta property=\"article:publisher\" content=\"https:\/\/www.facebook.com\/HealingCareHosp\/\" \/>\n<meta property=\"article:published_time\" content=\"2020-06-19T22:30:00+00:00\" \/>\n<meta property=\"article:modified_time\" content=\"2024-04-05T01:27:15+00:00\" \/>\n<meta property=\"og:image\" content=\"https:\/\/www.healingcarehospice.com\/wp-content\/uploads\/2020\/06\/tim-mossholder-goIMPtdFmig-unsplash.jpg\" \/>\n\t<meta property=\"og:image:width\" content=\"500\" \/>\n\t<meta property=\"og:image:height\" content=\"400\" \/>\n\t<meta property=\"og:image:type\" content=\"image\/jpeg\" \/>\n<meta name=\"author\" content=\"ready\" \/>\n<meta name=\"twitter:card\" content=\"summary_large_image\" \/>\n<meta name=\"twitter:label1\" content=\"Written by\" \/>\n\t<meta name=\"twitter:data1\" content=\"ready\" \/>\n\t<meta name=\"twitter:label2\" content=\"Est. reading time\" \/>\n\t<meta name=\"twitter:data2\" content=\"1 minuto\" \/>\n<script type=\"application\/ld+json\" class=\"yoast-schema-graph\">{\"@context\":\"https:\/\/schema.org\",\"@graph\":[{\"@type\":\"Article\",\"@id\":\"https:\/\/www.healingcarehospice.com\/fathers-day-2020\/#article\",\"isPartOf\":{\"@id\":\"https:\/\/www.healingcarehospice.com\/fathers-day-2020\/\"},\"author\":{\"name\":\"ready\",\"@id\":\"https:\/\/www.healingcarehospice.com\/#\/schema\/person\/3703c0dd22610a4a019ee204cbb275db\"},\"headline\":\"Fathers Day 2020\",\"datePublished\":\"2020-06-19T22:30:00+00:00\",\"dateModified\":\"2024-04-05T01:27:15+00:00\",\"mainEntityOfPage\":{\"@id\":\"https:\/\/www.healingcarehospice.com\/fathers-day-2020\/\"},\"wordCount\":2,\"publisher\":{\"@id\":\"https:\/\/www.healingcarehospice.com\/#organization\"},\"image\":{\"@id\":\"https:\/\/www.healingcarehospice.com\/fathers-day-2020\/#primaryimage\"},\"thumbnailUrl\":\"https:\/\/www.healingcarehospice.com\/wp-content\/uploads\/2020\/06\/tim-mossholder-goIMPtdFmig-unsplash.jpg\",\"articleSection\":[\"Events \/ Calendar\"],\"inLanguage\":\"es-MX\"},{\"@type\":\"WebPage\",\"@id\":\"https:\/\/www.healingcarehospice.com\/fathers-day-2020\/\",\"url\":\"https:\/\/www.healingcarehospice.com\/fathers-day-2020\/\",\"name\":\"Fathers Day 2020 - Healing Care Hospice &amp; Palliative\",\"isPartOf\":{\"@id\":\"https:\/\/www.healingcarehospice.com\/#website\"},\"primaryImageOfPage\":{\"@id\":\"https:\/\/www.healingcarehospice.com\/fathers-day-2020\/#primaryimage\"},\"image\":{\"@id\":\"https:\/\/www.healingcarehospice.com\/fathers-day-2020\/#primaryimage\"},\"thumbnailUrl\":\"https:\/\/www.healingcarehospice.com\/wp-content\/uploads\/2020\/06\/tim-mossholder-goIMPtdFmig-unsplash.jpg\",\"datePublished\":\"2020-06-19T22:30:00+00:00\",\"dateModified\":\"2024-04-05T01:27:15+00:00\",\"description\":\"The holiday meant to honor our fathers and celebrate their contributions to our lives may cause us to feel emotional in the midst of the pandemic.\",\"breadcrumb\":{\"@id\":\"https:\/\/www.healingcarehospice.com\/fathers-day-2020\/#breadcrumb\"},\"inLanguage\":\"es-MX\",\"potentialAction\":[{\"@type\":\"ReadAction\",\"target\":[\"https:\/\/www.healingcarehospice.com\/fathers-day-2020\/\"]}]},{\"@type\":\"ImageObject\",\"inLanguage\":\"es-MX\",\"@id\":\"https:\/\/www.healingcarehospice.com\/fathers-day-2020\/#primaryimage\",\"url\":\"https:\/\/www.healingcarehospice.com\/wp-content\/uploads\/2020\/06\/tim-mossholder-goIMPtdFmig-unsplash.jpg\",\"contentUrl\":\"https:\/\/www.healingcarehospice.com\/wp-content\/uploads\/2020\/06\/tim-mossholder-goIMPtdFmig-unsplash.jpg\",\"width\":500,\"height\":400},{\"@type\":\"BreadcrumbList\",\"@id\":\"https:\/\/www.healingcarehospice.com\/fathers-day-2020\/#breadcrumb\",\"itemListElement\":[{\"@type\":\"ListItem\",\"position\":1,\"name\":\"Home\",\"item\":\"https:\/\/www.healingcarehospice.com\/\"},{\"@type\":\"ListItem\",\"position\":2,\"name\":\"Fathers Day 2020\"}]},{\"@type\":\"WebSite\",\"@id\":\"https:\/\/www.healingcarehospice.com\/#website\",\"url\":\"https:\/\/www.healingcarehospice.com\/\",\"name\":\"Healing Care Hospice & Palliative\",\"description\":\"\",\"publisher\":{\"@id\":\"https:\/\/www.healingcarehospice.com\/#organization\"},\"potentialAction\":[{\"@type\":\"SearchAction\",\"target\":{\"@type\":\"EntryPoint\",\"urlTemplate\":\"https:\/\/www.healingcarehospice.com\/?s={search_term_string}\"},\"query-input\":{\"@type\":\"PropertyValueSpecification\",\"valueRequired\":true,\"valueName\":\"search_term_string\"}}],\"inLanguage\":\"es-MX\"},{\"@type\":\"Organization\",\"@id\":\"https:\/\/www.healingcarehospice.com\/#organization\",\"name\":\"Healing Care Hospice\",\"url\":\"https:\/\/www.healingcarehospice.com\/\",\"logo\":{\"@type\":\"ImageObject\",\"inLanguage\":\"es-MX\",\"@id\":\"https:\/\/www.healingcarehospice.com\/#\/schema\/logo\/image\/\",\"url\":\"https:\/\/www.healingcarehospice.com\/wp-content\/uploads\/2022\/12\/HCHLOGOstandard.png\",\"contentUrl\":\"https:\/\/www.healingcarehospice.com\/wp-content\/uploads\/2022\/12\/HCHLOGOstandard.png\",\"width\":1459,\"height\":736,\"caption\":\"Healing Care Hospice\"},\"image\":{\"@id\":\"https:\/\/www.healingcarehospice.com\/#\/schema\/logo\/image\/\"},\"sameAs\":[\"https:\/\/www.facebook.com\/HealingCareHosp\/\",\"https:\/\/www.instagram.com\/healingcarehospice\/\",\"https:\/\/www.youtube.com\/channel\/UCmtP9PlUh3qKDG4XDGm79sg\/videos\",\"https:\/\/www.linkedin.com\/company\/healing-care-hospice\/\"]},{\"@type\":\"Person\",\"@id\":\"https:\/\/www.healingcarehospice.com\/#\/schema\/person\/3703c0dd22610a4a019ee204cbb275db\",\"name\":\"ready\",\"image\":{\"@type\":\"ImageObject\",\"inLanguage\":\"es-MX\",\"@id\":\"https:\/\/www.healingcarehospice.com\/#\/schema\/person\/image\/\",\"url\":\"https:\/\/secure.gravatar.com\/avatar\/029fc60092b6042df0c3c32e5a3b2eec?s=96&d=mm&r=g\",\"contentUrl\":\"https:\/\/secure.gravatar.com\/avatar\/029fc60092b6042df0c3c32e5a3b2eec?s=96&d=mm&r=g\",\"caption\":\"ready\"},\"sameAs\":[\"https:\/\/www.healingcarehospice.com\"],\"url\":\"https:\/\/www.healingcarehospice.com\/es\/author\/ready\/\"}]}<\/script>\n<!-- \/ Yoast SEO plugin. -->","yoast_head_json":{"title":"Fathers Day 2020 - Healing Care Hospice &amp; Palliative","description":"The holiday meant to honor our fathers and celebrate their contributions to our lives may cause us to feel emotional in the midst of the pandemic.","robots":{"index":"index","follow":"follow","max-snippet":"max-snippet:-1","max-image-preview":"max-image-preview:large","max-video-preview":"max-video-preview:-1"},"canonical":"https:\/\/www.healingcarehospice.com\/es\/fathers-day-2020\/","og_locale":"es_MX","og_type":"article","og_title":"Fathers Day 2020 - Healing Care Hospice &amp; Palliative","og_description":"The holiday meant to honor our fathers and celebrate their contributions to our lives may cause us to feel emotional in the midst of the pandemic.","og_url":"https:\/\/www.healingcarehospice.com\/es\/fathers-day-2020\/","og_site_name":"Healing Care Hospice &amp; Palliative","article_publisher":"https:\/\/www.facebook.com\/HealingCareHosp\/","article_published_time":"2020-06-19T22:30:00+00:00","article_modified_time":"2024-04-05T01:27:15+00:00","og_image":[{"width":500,"height":400,"url":"https:\/\/www.healingcarehospice.com\/wp-content\/uploads\/2020\/06\/tim-mossholder-goIMPtdFmig-unsplash.jpg","type":"image\/jpeg"}],"author":"ready","twitter_card":"summary_large_image","twitter_misc":{"Written by":"ready","Est. reading time":"1 minuto"},"schema":{"@context":"https:\/\/schema.org","@graph":[{"@type":"Article","@id":"https:\/\/www.healingcarehospice.com\/fathers-day-2020\/#article","isPartOf":{"@id":"https:\/\/www.healingcarehospice.com\/fathers-day-2020\/"},"author":{"name":"ready","@id":"https:\/\/www.healingcarehospice.com\/#\/schema\/person\/3703c0dd22610a4a019ee204cbb275db"},"headline":"Fathers Day 2020","datePublished":"2020-06-19T22:30:00+00:00","dateModified":"2024-04-05T01:27:15+00:00","mainEntityOfPage":{"@id":"https:\/\/www.healingcarehospice.com\/fathers-day-2020\/"},"wordCount":2,"publisher":{"@id":"https:\/\/www.healingcarehospice.com\/#organization"},"image":{"@id":"https:\/\/www.healingcarehospice.com\/fathers-day-2020\/#primaryimage"},"thumbnailUrl":"https:\/\/www.healingcarehospice.com\/wp-content\/uploads\/2020\/06\/tim-mossholder-goIMPtdFmig-unsplash.jpg","articleSection":["Events \/ Calendar"],"inLanguage":"es-MX"},{"@type":"WebPage","@id":"https:\/\/www.healingcarehospice.com\/fathers-day-2020\/","url":"https:\/\/www.healingcarehospice.com\/fathers-day-2020\/","name":"Fathers Day 2020 - Healing Care Hospice &amp; Palliative","isPartOf":{"@id":"https:\/\/www.healingcarehospice.com\/#website"},"primaryImageOfPage":{"@id":"https:\/\/www.healingcarehospice.com\/fathers-day-2020\/#primaryimage"},"image":{"@id":"https:\/\/www.healingcarehospice.com\/fathers-day-2020\/#primaryimage"},"thumbnailUrl":"https:\/\/www.healingcarehospice.com\/wp-content\/uploads\/2020\/06\/tim-mossholder-goIMPtdFmig-unsplash.jpg","datePublished":"2020-06-19T22:30:00+00:00","dateModified":"2024-04-05T01:27:15+00:00","description":"The holiday meant to honor our fathers and celebrate their contributions to our lives may cause us to feel emotional in the midst of the pandemic.","breadcrumb":{"@id":"https:\/\/www.healingcarehospice.com\/fathers-day-2020\/#breadcrumb"},"inLanguage":"es-MX","potentialAction":[{"@type":"ReadAction","target":["https:\/\/www.healingcarehospice.com\/fathers-day-2020\/"]}]},{"@type":"ImageObject","inLanguage":"es-MX","@id":"https:\/\/www.healingcarehospice.com\/fathers-day-2020\/#primaryimage","url":"https:\/\/www.healingcarehospice.com\/wp-content\/uploads\/2020\/06\/tim-mossholder-goIMPtdFmig-unsplash.jpg","contentUrl":"https:\/\/www.healingcarehospice.com\/wp-content\/uploads\/2020\/06\/tim-mossholder-goIMPtdFmig-unsplash.jpg","width":500,"height":400},{"@type":"BreadcrumbList","@id":"https:\/\/www.healingcarehospice.com\/fathers-day-2020\/#breadcrumb","itemListElement":[{"@type":"ListItem","position":1,"name":"Home","item":"https:\/\/www.healingcarehospice.com\/"},{"@type":"ListItem","position":2,"name":"Fathers Day 2020"}]},{"@type":"WebSite","@id":"https:\/\/www.healingcarehospice.com\/#website","url":"https:\/\/www.healingcarehospice.com\/","name":"Healing Care Hospice & Palliative","description":"","publisher":{"@id":"https:\/\/www.healingcarehospice.com\/#organization"},"potentialAction":[{"@type":"SearchAction","target":{"@type":"EntryPoint","urlTemplate":"https:\/\/www.healingcarehospice.com\/?s={search_term_string}"},"query-input":{"@type":"PropertyValueSpecification","valueRequired":true,"valueName":"search_term_string"}}],"inLanguage":"es-MX"},{"@type":"Organization","@id":"https:\/\/www.healingcarehospice.com\/#organization","name":"Healing Care Hospice","url":"https:\/\/www.healingcarehospice.com\/","logo":{"@type":"ImageObject","inLanguage":"es-MX","@id":"https:\/\/www.healingcarehospice.com\/#\/schema\/logo\/image\/","url":"https:\/\/www.healingcarehospice.com\/wp-content\/uploads\/2022\/12\/HCHLOGOstandard.png","contentUrl":"https:\/\/www.healingcarehospice.com\/wp-content\/uploads\/2022\/12\/HCHLOGOstandard.png","width":1459,"height":736,"caption":"Healing Care Hospice"},"image":{"@id":"https:\/\/www.healingcarehospice.com\/#\/schema\/logo\/image\/"},"sameAs":["https:\/\/www.facebook.com\/HealingCareHosp\/","https:\/\/www.instagram.com\/healingcarehospice\/","https:\/\/www.youtube.com\/channel\/UCmtP9PlUh3qKDG4XDGm79sg\/videos","https:\/\/www.linkedin.com\/company\/healing-care-hospice\/"]},{"@type":"Person","@id":"https:\/\/www.healingcarehospice.com\/#\/schema\/person\/3703c0dd22610a4a019ee204cbb275db","name":"ready","image":{"@type":"ImageObject","inLanguage":"es-MX","@id":"https:\/\/www.healingcarehospice.com\/#\/schema\/person\/image\/","url":"https:\/\/secure.gravatar.com\/avatar\/029fc60092b6042df0c3c32e5a3b2eec?s=96&d=mm&r=g","contentUrl":"https:\/\/secure.gravatar.com\/avatar\/029fc60092b6042df0c3c32e5a3b2eec?s=96&d=mm&r=g","caption":"ready"},"sameAs":["https:\/\/www.healingcarehospice.com"],"url":"https:\/\/www.healingcarehospice.com\/es\/author\/ready\/"}]}},"_links":{"self":[{"href":"https:\/\/www.healingcarehospice.com\/es\/wp-json\/wp\/v2\/posts\/1917"}],"collection":[{"href":"https:\/\/www.healingcarehospice.com\/es\/wp-json\/wp\/v2\/posts"}],"about":[{"href":"https:\/\/www.healingcarehospice.com\/es\/wp-json\/wp\/v2\/types\/post"}],"author":[{"embeddable":true,"href":"https:\/\/www.healingcarehospice.com\/es\/wp-json\/wp\/v2\/users\/1"}],"replies":[{"embeddable":true,"href":"https:\/\/www.healingcarehospice.com\/es\/wp-json\/wp\/v2\/comments?post=1917"}],"version-history":[{"count":3,"href":"https:\/\/www.healingcarehospice.com\/es\/wp-json\/wp\/v2\/posts\/1917\/revisions"}],"predecessor-version":[{"id":2808,"href":"https:\/\/www.healingcarehospice.com\/es\/wp-json\/wp\/v2\/posts\/1917\/revisions\/2808"}],"wp:featuredmedia":[{"embeddable":true,"href":"https:\/\/www.healingcarehospice.com\/es\/wp-json\/wp\/v2\/media\/2120"}],"wp:attachment":[{"href":"https:\/\/www.healingcarehospice.com\/es\/wp-json\/wp\/v2\/media?parent=1917"}],"wp:term":[{"taxonomy":"category","embeddable":true,"href":"https:\/\/www.healingcarehospice.com\/es\/wp-json\/wp\/v2\/categories?post=1917"},{"taxonomy":"post_tag","embeddable":true,"href":"https:\/\/www.healingcarehospice.com\/es\/wp-json\/wp\/v2\/tags?post=1917"}],"curies":[{"name":"wp","href":"https:\/\/api.w.org\/{rel}","templated":true}]}}